{"id":1397,"date":"2019-04-03T11:48:43","date_gmt":"2019-04-03T10:48:43","guid":{"rendered":"http:\/\/www.bitbeat.es\/blog\/?p=1397"},"modified":"2019-04-03T11:48:43","modified_gmt":"2019-04-03T10:48:43","slug":"softube-lanza-buchla-296e-spectral-processor-para-modular","status":"publish","type":"post","link":"https:\/\/bitbeat.es\/blog\/softube-lanza-buchla-296e-spectral-processor-para-modular\/","title":{"rendered":"Softube lanza Buchla 296e Spectral Processor para Modular"},"content":{"rendered":"<h2>Softube lanza Buchla 296e Spectral Processor para Modular<\/h2>\n<p>Softube acaba de lanzar una nueva encarnaci\u00f3n de un cl\u00e1sico de Buchla. Se trata del banco de filtros <a href=\"http:\/\/www.bitbeat.es\/softube\/326-buchla-296e-spectral-processor.html\" target=\"_blank\" rel=\"noopener\">296e Spectral Processor<\/a>, uno de los m\u00f3dulos m\u00e1s exclusivos que, gracias a su complejidad y versatilidad, es\u00a0todo un cl\u00e1sico.\u00a0\u00a0A partir de ahora podremos disfrutarlo dentro del entorno <a href=\"http:\/\/www.bitbeat.es\/plugins\/232-softube-modular.html\" target=\"_blank\" rel=\"noopener\">Modular<\/a> de la propia Softube. Es capaz de esculpir cualquier sonido gracias a 16 bandas de filtrado y es capaz de hacer morphing entre dos curvas de respuesta totalmente modulares. El control sobre los niveles individuales de cada banda mediante se\u00f1ales CV externas o utilizar las capacidades de transferencia espectral (vocoding) para encadenar las envolventes a bandas pares e impares con sus propios VCAs y viceversa. La funci\u00f3n \u201cfreeze\u201d, tambi\u00e9n controlable por CV, permite realizar un sample and hold de estos valores (tiempos de envolventes, niveles A o niveles B).<\/p>\n<p><a href=\"http:\/\/www.bitbeat.es\/softube\/326-buchla-296e-spectral-processor.html\" target=\"_blank\" rel=\"noopener\">296e Spectral Processor<\/a> es capaz de llevar a cabo una variedad de incre\u00edbles texturas y efectos a partir de fuentes de ruido o llevar a cabo una separaci\u00f3n de entrada musicales en una colecci\u00f3n de partes individuales elementales para ser vueltas a usar con total libertad. La frecuencia central de cada banda ha sido seleccionada para complementar la curva de discriminaci\u00f3n del o\u00eddo humano, con unos resultados \u00fanicos y agradables. Su capacidad para llevar a cabo todo tipo de transformaciones lo convierten en un filtro ideal para ser usado en tiempo real, un ecualizador programable o una vocoder con transferencia espectral.<\/p>\n<p><iframe loading=\"lazy\" src=\"https:\/\/www.youtube.com\/embed\/xBdX9vIVGQs\" width=\"760\" height=\"415\" frameborder=\"0\" allowfullscreen=\"allowfullscreen\"><\/iframe><\/p>\n<p>Cada uno de los 16 filtros pasa banda que incorpora dispone de su propio VCA en la entrada y un envelope follower en la salida. Pueden ser divididos en dos grupos de 8 filtros cada uno, par e impar. En el mundo hardware esto puede usarse para dividir el m\u00f3dulo para us uso como vocoder simple, con ocho bandas llevando a cabo el an\u00e1lisis y las otras ocho realizando la res\u00edntesis, pero en el mundo software es posible correr un par de unidades para obtener una experiencia de vocoder de 16 bandas completas. Es posible ajustar los tiempos de decaimiento de cada envolvente y se puede aplicar per-\u00e9nfasis para suavizar la respuesta de frecuencia para un vocoding m\u00e1s manejable.<\/p>\n<p>Una caracter\u00edstica especial de esta versi\u00f3n software es la posibilidad de reproducir las bandas de cada filtro individualmente usando MIDI. Los valores de nota atacan las distintas frecuencias de filtrado fijas, mientras que la velocidad MIDI afecta a los valores de amplitud de cada VCA. <a href=\"http:\/\/www.bitbeat.es\/softube\/326-buchla-296e-spectral-processor.html\" target=\"_blank\" rel=\"noopener\">Buchla 296e Spectral Processor<\/a> ha sido licenciado por Buchla USA, siendo la \u00fanica emulaci\u00f3n oficial de este m\u00f3dulo cl\u00e1sico.<\/p>\n<p>&nbsp;<\/p>\n","protected":false},"excerpt":{"rendered":"<p>Softube lanza Buchla 296e Spectral Processor para Modular Softube acaba de lanzar una nueva encarnaci\u00f3n de un cl\u00e1sico de Buchla. Se trata del banco de filtros 296e Spectral Processor, uno de los m\u00f3dulos m\u00e1s exclusivos que, gracias a su complejidad y versatilidad, es\u00a0todo un cl\u00e1sico.\u00a0\u00a0A partir de ahora podremos disfrutarlo dentro del entorno Modular de&hellip;&nbsp;<a href=\"https:\/\/bitbeat.es\/blog\/softube-lanza-buchla-296e-spectral-processor-para-modular\/\" class=\"\" rel=\"bookmark\">Leer m\u00e1s &raquo;<span class=\"screen-reader-text\">Softube lanza Buchla 296e Spectral Processor para Modular<\/span><\/a><\/p>\n","protected":false},"author":1,"featured_media":1399,"comment_status":"open","ping_status":"closed","sticky":false,"template":"","format":"standard","meta":{"neve_meta_sidebar":"","neve_meta_container":"","neve_meta_enable_content_width":"","neve_meta_content_width":0,"neve_meta_title_alignment":"","neve_meta_author_avatar":"","neve_post_elements_order":"","neve_meta_disable_header":"","neve_meta_disable_footer":"","neve_meta_disable_title":"","footnotes":""},"categories":[13,16],"tags":[28,75,204,288],"class_list":["post-1397","post","type-post","status-publish","format-standard","has-post-thumbnail","hentry","category-novedades","category-softube","tag-296e","tag-buchla","tag-modular","tag-softube"],"yoast_head":"<!-- This site is optimized with the Yoast SEO plugin v18.6 - https:\/\/yoast.com\/wordpress\/plugins\/seo\/ -->\n<title>Softube lanza Buchla 296e Spectral Processor para Modular - BitBeat Blog<\/title>\n<meta name=\"robots\" content=\"index, follow, max-snippet:-1, max-image-preview:large, max-video-preview:-1\" \/>\n<link rel=\"canonical\" href=\"https:\/\/bitbeat.es\/blog\/softube-lanza-buchla-296e-spectral-processor-para-modular\/\" \/>\n<meta property=\"og:locale\" content=\"es_ES\" \/>\n<meta property=\"og:type\" content=\"article\" \/>\n<meta property=\"og:title\" content=\"Softube lanza Buchla 296e Spectral Processor para Modular - BitBeat Blog\" \/>\n<meta property=\"og:description\" content=\"Softube lanza Buchla 296e Spectral Processor para Modular Softube acaba de lanzar una nueva encarnaci\u00f3n de un cl\u00e1sico de Buchla. Se trata del banco de filtros 296e Spectral Processor, uno de los m\u00f3dulos m\u00e1s exclusivos que, gracias a su complejidad y versatilidad, es\u00a0todo un cl\u00e1sico.\u00a0\u00a0A partir de ahora podremos disfrutarlo dentro del entorno Modular de&hellip;&nbsp;Leer m\u00e1s &raquo;Softube lanza Buchla 296e Spectral Processor para Modular\" \/>\n<meta property=\"og:url\" content=\"https:\/\/bitbeat.es\/blog\/softube-lanza-buchla-296e-spectral-processor-para-modular\/\" \/>\n<meta property=\"og:site_name\" content=\"BitBeat Blog\" \/>\n<meta property=\"article:published_time\" content=\"2019-04-03T10:48:43+00:00\" \/>\n<meta property=\"og:image\" content=\"https:\/\/bitbeat.es\/blog\/wp-content\/uploads\/2019\/04\/Softube-lanza-Buchla-296e-Spectral-Processor.jpg\" \/>\n\t<meta property=\"og:image:width\" content=\"760\" \/>\n\t<meta property=\"og:image:height\" content=\"291\" \/>\n\t<meta property=\"og:image:type\" content=\"image\/jpeg\" \/>\n<meta name=\"twitter:card\" content=\"summary_large_image\" \/>\n<meta name=\"twitter:label1\" content=\"Escrito por\" \/>\n\t<meta name=\"twitter:data1\" content=\"BitBeat\" \/>\n\t<meta name=\"twitter:label2\" content=\"Tiempo de lectura\" \/>\n\t<meta name=\"twitter:data2\" content=\"2 minutos\" \/>\n<script type=\"application\/ld+json\" class=\"yoast-schema-graph\">{\"@context\":\"https:\/\/schema.org\",\"@graph\":[{\"@type\":\"WebSite\",\"@id\":\"https:\/\/bitbeat.es\/blog\/#website\",\"url\":\"https:\/\/bitbeat.es\/blog\/\",\"name\":\"BitBeat Blog\",\"description\":\"Distribuidores de tecnolog\u00eda musical.\",\"potentialAction\":[{\"@type\":\"SearchAction\",\"target\":{\"@type\":\"EntryPoint\",\"urlTemplate\":\"https:\/\/bitbeat.es\/blog\/?s={search_term_string}\"},\"query-input\":\"required name=search_term_string\"}],\"inLanguage\":\"es\"},{\"@type\":\"ImageObject\",\"@id\":\"https:\/\/bitbeat.es\/blog\/softube-lanza-buchla-296e-spectral-processor-para-modular\/#primaryimage\",\"inLanguage\":\"es\",\"url\":\"https:\/\/bitbeat.es\/blog\/wp-content\/uploads\/2019\/04\/Softube-lanza-Buchla-296e-Spectral-Processor.jpg\",\"contentUrl\":\"https:\/\/bitbeat.es\/blog\/wp-content\/uploads\/2019\/04\/Softube-lanza-Buchla-296e-Spectral-Processor.jpg\",\"width\":760,\"height\":291},{\"@type\":\"WebPage\",\"@id\":\"https:\/\/bitbeat.es\/blog\/softube-lanza-buchla-296e-spectral-processor-para-modular\/#webpage\",\"url\":\"https:\/\/bitbeat.es\/blog\/softube-lanza-buchla-296e-spectral-processor-para-modular\/\",\"name\":\"Softube lanza Buchla 296e Spectral Processor para Modular - BitBeat Blog\",\"isPartOf\":{\"@id\":\"https:\/\/bitbeat.es\/blog\/#website\"},\"primaryImageOfPage\":{\"@id\":\"https:\/\/bitbeat.es\/blog\/softube-lanza-buchla-296e-spectral-processor-para-modular\/#primaryimage\"},\"datePublished\":\"2019-04-03T10:48:43+00:00\",\"dateModified\":\"2019-04-03T10:48:43+00:00\",\"author\":{\"@id\":\"https:\/\/bitbeat.es\/blog\/#\/schema\/person\/d9d5d2c810a4e92facc9dccd23968e5c\"},\"breadcrumb\":{\"@id\":\"https:\/\/bitbeat.es\/blog\/softube-lanza-buchla-296e-spectral-processor-para-modular\/#breadcrumb\"},\"inLanguage\":\"es\",\"potentialAction\":[{\"@type\":\"ReadAction\",\"target\":[\"https:\/\/bitbeat.es\/blog\/softube-lanza-buchla-296e-spectral-processor-para-modular\/\"]}]},{\"@type\":\"BreadcrumbList\",\"@id\":\"https:\/\/bitbeat.es\/blog\/softube-lanza-buchla-296e-spectral-processor-para-modular\/#breadcrumb\",\"itemListElement\":[{\"@type\":\"ListItem\",\"position\":1,\"name\":\"Portada\",\"item\":\"https:\/\/bitbeat.es\/blog\/\"},{\"@type\":\"ListItem\",\"position\":2,\"name\":\"Softube lanza Buchla 296e Spectral Processor para Modular\"}]},{\"@type\":\"Person\",\"@id\":\"https:\/\/bitbeat.es\/blog\/#\/schema\/person\/d9d5d2c810a4e92facc9dccd23968e5c\",\"name\":\"BitBeat\",\"image\":{\"@type\":\"ImageObject\",\"@id\":\"https:\/\/bitbeat.es\/blog\/#personlogo\",\"inLanguage\":\"es\",\"url\":\"https:\/\/secure.gravatar.com\/avatar\/4ba5338932dd7dfebe53266d59967600a59840983ac901745dd50edbbd3c5b44?s=96&d=mm&r=g\",\"contentUrl\":\"https:\/\/secure.gravatar.com\/avatar\/4ba5338932dd7dfebe53266d59967600a59840983ac901745dd50edbbd3c5b44?s=96&d=mm&r=g\",\"caption\":\"BitBeat\"},\"sameAs\":[\"https:\/\/bitbeat.es\/blog\"],\"url\":\"https:\/\/bitbeat.es\/blog\/author\/bitbeat\/\"}]}<\/script>\n<!-- \/ Yoast SEO plugin. -->","yoast_head_json":{"title":"Softube lanza Buchla 296e Spectral Processor para Modular - BitBeat Blog","robots":{"index":"index","follow":"follow","max-snippet":"max-snippet:-1","max-image-preview":"max-image-preview:large","max-video-preview":"max-video-preview:-1"},"canonical":"https:\/\/bitbeat.es\/blog\/softube-lanza-buchla-296e-spectral-processor-para-modular\/","og_locale":"es_ES","og_type":"article","og_title":"Softube lanza Buchla 296e Spectral Processor para Modular - BitBeat Blog","og_description":"Softube lanza Buchla 296e Spectral Processor para Modular Softube acaba de lanzar una nueva encarnaci\u00f3n de un cl\u00e1sico de Buchla. Se trata del banco de filtros 296e Spectral Processor, uno de los m\u00f3dulos m\u00e1s exclusivos que, gracias a su complejidad y versatilidad, es\u00a0todo un cl\u00e1sico.\u00a0\u00a0A partir de ahora podremos disfrutarlo dentro del entorno Modular de&hellip;&nbsp;Leer m\u00e1s &raquo;Softube lanza Buchla 296e Spectral Processor para Modular","og_url":"https:\/\/bitbeat.es\/blog\/softube-lanza-buchla-296e-spectral-processor-para-modular\/","og_site_name":"BitBeat Blog","article_published_time":"2019-04-03T10:48:43+00:00","og_image":[{"width":760,"height":291,"url":"https:\/\/bitbeat.es\/blog\/wp-content\/uploads\/2019\/04\/Softube-lanza-Buchla-296e-Spectral-Processor.jpg","type":"image\/jpeg"}],"twitter_card":"summary_large_image","twitter_misc":{"Escrito por":"BitBeat","Tiempo de lectura":"2 minutos"},"schema":{"@context":"https:\/\/schema.org","@graph":[{"@type":"WebSite","@id":"https:\/\/bitbeat.es\/blog\/#website","url":"https:\/\/bitbeat.es\/blog\/","name":"BitBeat Blog","description":"Distribuidores de tecnolog\u00eda musical.","potentialAction":[{"@type":"SearchAction","target":{"@type":"EntryPoint","urlTemplate":"https:\/\/bitbeat.es\/blog\/?s={search_term_string}"},"query-input":"required name=search_term_string"}],"inLanguage":"es"},{"@type":"ImageObject","@id":"https:\/\/bitbeat.es\/blog\/softube-lanza-buchla-296e-spectral-processor-para-modular\/#primaryimage","inLanguage":"es","url":"https:\/\/bitbeat.es\/blog\/wp-content\/uploads\/2019\/04\/Softube-lanza-Buchla-296e-Spectral-Processor.jpg","contentUrl":"https:\/\/bitbeat.es\/blog\/wp-content\/uploads\/2019\/04\/Softube-lanza-Buchla-296e-Spectral-Processor.jpg","width":760,"height":291},{"@type":"WebPage","@id":"https:\/\/bitbeat.es\/blog\/softube-lanza-buchla-296e-spectral-processor-para-modular\/#webpage","url":"https:\/\/bitbeat.es\/blog\/softube-lanza-buchla-296e-spectral-processor-para-modular\/","name":"Softube lanza Buchla 296e Spectral Processor para Modular - BitBeat Blog","isPartOf":{"@id":"https:\/\/bitbeat.es\/blog\/#website"},"primaryImageOfPage":{"@id":"https:\/\/bitbeat.es\/blog\/softube-lanza-buchla-296e-spectral-processor-para-modular\/#primaryimage"},"datePublished":"2019-04-03T10:48:43+00:00","dateModified":"2019-04-03T10:48:43+00:00","author":{"@id":"https:\/\/bitbeat.es\/blog\/#\/schema\/person\/d9d5d2c810a4e92facc9dccd23968e5c"},"breadcrumb":{"@id":"https:\/\/bitbeat.es\/blog\/softube-lanza-buchla-296e-spectral-processor-para-modular\/#breadcrumb"},"inLanguage":"es","potentialAction":[{"@type":"ReadAction","target":["https:\/\/bitbeat.es\/blog\/softube-lanza-buchla-296e-spectral-processor-para-modular\/"]}]},{"@type":"BreadcrumbList","@id":"https:\/\/bitbeat.es\/blog\/softube-lanza-buchla-296e-spectral-processor-para-modular\/#breadcrumb","itemListElement":[{"@type":"ListItem","position":1,"name":"Portada","item":"https:\/\/bitbeat.es\/blog\/"},{"@type":"ListItem","position":2,"name":"Softube lanza Buchla 296e Spectral Processor para Modular"}]},{"@type":"Person","@id":"https:\/\/bitbeat.es\/blog\/#\/schema\/person\/d9d5d2c810a4e92facc9dccd23968e5c","name":"BitBeat","image":{"@type":"ImageObject","@id":"https:\/\/bitbeat.es\/blog\/#personlogo","inLanguage":"es","url":"https:\/\/secure.gravatar.com\/avatar\/4ba5338932dd7dfebe53266d59967600a59840983ac901745dd50edbbd3c5b44?s=96&d=mm&r=g","contentUrl":"https:\/\/secure.gravatar.com\/avatar\/4ba5338932dd7dfebe53266d59967600a59840983ac901745dd50edbbd3c5b44?s=96&d=mm&r=g","caption":"BitBeat"},"sameAs":["https:\/\/bitbeat.es\/blog"],"url":"https:\/\/bitbeat.es\/blog\/author\/bitbeat\/"}]}},"_links":{"self":[{"href":"https:\/\/bitbeat.es\/blog\/wp-json\/wp\/v2\/posts\/1397","targetHints":{"allow":["GET"]}}],"collection":[{"href":"https:\/\/bitbeat.es\/blog\/wp-json\/wp\/v2\/posts"}],"about":[{"href":"https:\/\/bitbeat.es\/blog\/wp-json\/wp\/v2\/types\/post"}],"author":[{"embeddable":true,"href":"https:\/\/bitbeat.es\/blog\/wp-json\/wp\/v2\/users\/1"}],"replies":[{"embeddable":true,"href":"https:\/\/bitbeat.es\/blog\/wp-json\/wp\/v2\/comments?post=1397"}],"version-history":[{"count":0,"href":"https:\/\/bitbeat.es\/blog\/wp-json\/wp\/v2\/posts\/1397\/revisions"}],"wp:featuredmedia":[{"embeddable":true,"href":"https:\/\/bitbeat.es\/blog\/wp-json\/wp\/v2\/media\/1399"}],"wp:attachment":[{"href":"https:\/\/bitbeat.es\/blog\/wp-json\/wp\/v2\/media?parent=1397"}],"wp:term":[{"taxonomy":"category","embeddable":true,"href":"https:\/\/bitbeat.es\/blog\/wp-json\/wp\/v2\/categories?post=1397"},{"taxonomy":"post_tag","embeddable":true,"href":"https:\/\/bitbeat.es\/blog\/wp-json\/wp\/v2\/tags?post=1397"}],"curies":[{"name":"wp","href":"https:\/\/api.w.org\/{rel}","templated":true}]}}